{"id":15281,"date":"2024-06-07T22:06:16","date_gmt":"2024-06-07T20:06:16","guid":{"rendered":"https:\/\/dmd2.com\/2024\/06\/07\/music-talk-interview-avec-wintershome-lors-des-music-days-2024-a-steffisburg\/"},"modified":"2024-06-07T22:06:16","modified_gmt":"2024-06-07T20:06:16","slug":"music-talk-interview-avec-wintershome-lors-des-music-days-2024-a-steffisburg","status":"publish","type":"post","link":"https:\/\/dmd2.com\/fr\/2024\/06\/07\/music-talk-interview-avec-wintershome-lors-des-music-days-2024-a-steffisburg\/","title":{"rendered":"Music Talk Interview avec \u00ab Wintershome \u00bb lors des Music Days 2024 \u00e0 Steffisburg"},"content":{"rendered":"<p>Aujourd&rsquo;hui, nous avons eu le plaisir de nous entretenir avec le groupe \u00ab Wintershome \u00bb de Zermatt dans le cadre des Music Days \u00e0 Steffisburg. Le groupe, connu pour son m\u00e9lange unique de folk et de pop, s&rsquo;est fait une place de choix sur la sc\u00e8ne musicale suisse au cours des derni\u00e8res ann\u00e9es.<\/p>\n<p>Wintershome se compose de cinq membres : Maria, Pirmin, Martial, Romaine et Joel.<\/p>\n<p>R\u00e9cemment, le groupe s&rsquo;est rendu \u00e0 Londres pour enregistrer de nouvelles chansons. Ces enregistrements refl\u00e8tent le profond attachement du groupe \u00e0 la nature et \u00e0 son d\u00e9veloppement personnel.<\/p>\n<p>Nous avons d\u00e9j\u00e0 parl\u00e9 de Wintershome dans un reportage \u00ab DMD2 recommande \u00bb. Dans le Music Talk d&rsquo;aujourd&rsquo;hui, nous avons pu avoir un aper\u00e7u encore plus profond de leur voyage cr\u00e9atif et de la cr\u00e9ation de leurs derni\u00e8res chansons. Wintershome, qui s&rsquo;est d\u00e9j\u00e0 produit sur de grandes sc\u00e8nes comme le Zermatt Unplugged et le Montreux Jazz Festival, enthousiasme ses fans avec sa musique chaleureuse et vivante.<\/p>\n<p>Regardez la vid\u00e9o compl\u00e8te de notre Music Talk pour en savoir plus sur les projets en cours et la musique inspirante de Wintershome.<\/p>\n<p>&nbsp;<\/p>\n<p><iframe title=\"2024 WINTERSHOME @ MUSIC DAYS STEFFISBURG Interview Music Talk\" width=\"800\" height=\"450\" src=\"https:\/\/www.youtube.com\/embed\/YK2ghyrgIvY?feature=oembed\" frameborder=\"0\" allow=\"accelerometer; autoplay; clipboard-write; encrypted-media; gyroscope; picture-in-picture; web-share\" referrerpolicy=\"strict-origin-when-cross-origin\" allowfullscreen><\/iframe><\/p>\n","protected":false},"excerpt":{"rendered":"<p>Aujourd&rsquo;hui, nous avons eu le plaisir de nous entretenir avec le groupe \u00ab Wintershome \u00bb de Zermatt dans le cadre des Music Days \u00e0 Steffisburg. Le groupe, connu pour son m\u00e9lange unique de folk et de pop, s&rsquo;est fait une place de choix sur la sc\u00e8ne musicale suisse au cours des derni\u00e8res ann\u00e9es. Wintershome se [&hellip;]<\/p>\n","protected":false},"author":5,"featured_media":15275,"comment_status":"open","ping_status":"open","sticky":false,"template":"","format":"standard","meta":{"footnotes":""},"categories":[161,146],"tags":[100,147],"class_list":["post-15281","post","type-post","status-publish","format-standard","has-post-thumbnail","hentry","category-front-fr","category-music-talk-fr","tag-front-blog-fr","tag-music-talk-fr"],"yoast_head":"<!-- This site is optimized with the Yoast SEO plugin v27.4 - https:\/\/yoast.com\/product\/yoast-seo-wordpress\/ -->\n<title>Music Talk Interview avec \u00ab Wintershome \u00bb lors des Music Days 2024 \u00e0 Steffisburg - DMD2 \u2013 Hintergrundmusik f\u00fcr Unternehmen<\/title>\n<meta name=\"robots\" content=\"index, follow, max-snippet:-1, max-image-preview:large, max-video-preview:-1\" \/>\n<link rel=\"canonical\" href=\"https:\/\/dmd2.com\/fr\/2024\/06\/07\/music-talk-interview-avec-wintershome-lors-des-music-days-2024-a-steffisburg\/\" \/>\n<meta property=\"og:locale\" content=\"fr_FR\" \/>\n<meta property=\"og:type\" content=\"article\" \/>\n<meta property=\"og:title\" content=\"Music Talk Interview avec \u00ab Wintershome \u00bb lors des Music Days 2024 \u00e0 Steffisburg - DMD2 \u2013 Hintergrundmusik f\u00fcr Unternehmen\" \/>\n<meta property=\"og:description\" content=\"Aujourd&rsquo;hui, nous avons eu le plaisir de nous entretenir avec le groupe \u00ab Wintershome \u00bb de Zermatt dans le cadre des Music Days \u00e0 Steffisburg. Le groupe, connu pour son m\u00e9lange unique de folk et de pop, s&rsquo;est fait une place de choix sur la sc\u00e8ne musicale suisse au cours des derni\u00e8res ann\u00e9es. Wintershome se [&hellip;]\" \/>\n<meta property=\"og:url\" content=\"https:\/\/dmd2.com\/fr\/2024\/06\/07\/music-talk-interview-avec-wintershome-lors-des-music-days-2024-a-steffisburg\/\" \/>\n<meta property=\"og:site_name\" content=\"DMD2 \u2013 Hintergrundmusik f\u00fcr Unternehmen\" \/>\n<meta property=\"article:publisher\" content=\"https:\/\/www.facebook.com\/DMD2AG\" \/>\n<meta property=\"article:published_time\" content=\"2024-06-07T20:06:16+00:00\" \/>\n<meta property=\"og:image\" content=\"https:\/\/dmd2.com\/wp-content\/uploads\/2024\/06\/YouTube-Thumbnail-1280x720-px-Custom-dimensions-5.jpeg\" \/>\n\t<meta property=\"og:image:width\" content=\"2200\" \/>\n\t<meta property=\"og:image:height\" content=\"1440\" \/>\n\t<meta property=\"og:image:type\" content=\"image\/jpeg\" \/>\n<meta name=\"author\" content=\"ilustres\" \/>\n<meta name=\"twitter:card\" content=\"summary_large_image\" \/>\n<meta name=\"twitter:creator\" content=\"@dmd2\" \/>\n<meta name=\"twitter:site\" content=\"@dmd2\" \/>\n<meta name=\"twitter:label1\" content=\"\u00c9crit par\" \/>\n\t<meta name=\"twitter:data1\" content=\"ilustres\" \/>\n\t<meta name=\"twitter:label2\" content=\"Dur\u00e9e de lecture estim\u00e9e\" \/>\n\t<meta name=\"twitter:data2\" content=\"1 minute\" \/>\n<script type=\"application\/ld+json\" class=\"yoast-schema-graph\">{\"@context\":\"https:\\\/\\\/schema.org\",\"@graph\":[{\"@type\":\"Article\",\"@id\":\"https:\\\/\\\/dmd2.com\\\/fr\\\/2024\\\/06\\\/07\\\/music-talk-interview-avec-wintershome-lors-des-music-days-2024-a-steffisburg\\\/#article\",\"isPartOf\":{\"@id\":\"https:\\\/\\\/dmd2.com\\\/fr\\\/2024\\\/06\\\/07\\\/music-talk-interview-avec-wintershome-lors-des-music-days-2024-a-steffisburg\\\/\"},\"author\":{\"name\":\"ilustres\",\"@id\":\"https:\\\/\\\/dmd2.com\\\/fr\\\/#\\\/schema\\\/person\\\/96d5600002b6f15d25e4ac7d84a010a5\"},\"headline\":\"Music Talk Interview avec \u00ab Wintershome \u00bb lors des Music Days 2024 \u00e0 Steffisburg\",\"datePublished\":\"2024-06-07T20:06:16+00:00\",\"mainEntityOfPage\":{\"@id\":\"https:\\\/\\\/dmd2.com\\\/fr\\\/2024\\\/06\\\/07\\\/music-talk-interview-avec-wintershome-lors-des-music-days-2024-a-steffisburg\\\/\"},\"wordCount\":215,\"commentCount\":0,\"publisher\":{\"@id\":\"https:\\\/\\\/dmd2.com\\\/fr\\\/#organization\"},\"image\":{\"@id\":\"https:\\\/\\\/dmd2.com\\\/fr\\\/2024\\\/06\\\/07\\\/music-talk-interview-avec-wintershome-lors-des-music-days-2024-a-steffisburg\\\/#primaryimage\"},\"thumbnailUrl\":\"https:\\\/\\\/dmd2.com\\\/wp-content\\\/uploads\\\/2024\\\/06\\\/YouTube-Thumbnail-1280x720-px-Custom-dimensions-5.jpeg\",\"keywords\":[\"Front Blog\",\"Music Talk\"],\"articleSection\":[\"front\",\"Music Talk\"],\"inLanguage\":\"fr-FR\",\"potentialAction\":[{\"@type\":\"CommentAction\",\"name\":\"Comment\",\"target\":[\"https:\\\/\\\/dmd2.com\\\/fr\\\/2024\\\/06\\\/07\\\/music-talk-interview-avec-wintershome-lors-des-music-days-2024-a-steffisburg\\\/#respond\"]}]},{\"@type\":\"WebPage\",\"@id\":\"https:\\\/\\\/dmd2.com\\\/fr\\\/2024\\\/06\\\/07\\\/music-talk-interview-avec-wintershome-lors-des-music-days-2024-a-steffisburg\\\/\",\"url\":\"https:\\\/\\\/dmd2.com\\\/fr\\\/2024\\\/06\\\/07\\\/music-talk-interview-avec-wintershome-lors-des-music-days-2024-a-steffisburg\\\/\",\"name\":\"Music Talk Interview avec \u00ab Wintershome \u00bb lors des Music Days 2024 \u00e0 Steffisburg - DMD2 \u2013 Hintergrundmusik f\u00fcr Unternehmen\",\"isPartOf\":{\"@id\":\"https:\\\/\\\/dmd2.com\\\/fr\\\/#website\"},\"primaryImageOfPage\":{\"@id\":\"https:\\\/\\\/dmd2.com\\\/fr\\\/2024\\\/06\\\/07\\\/music-talk-interview-avec-wintershome-lors-des-music-days-2024-a-steffisburg\\\/#primaryimage\"},\"image\":{\"@id\":\"https:\\\/\\\/dmd2.com\\\/fr\\\/2024\\\/06\\\/07\\\/music-talk-interview-avec-wintershome-lors-des-music-days-2024-a-steffisburg\\\/#primaryimage\"},\"thumbnailUrl\":\"https:\\\/\\\/dmd2.com\\\/wp-content\\\/uploads\\\/2024\\\/06\\\/YouTube-Thumbnail-1280x720-px-Custom-dimensions-5.jpeg\",\"datePublished\":\"2024-06-07T20:06:16+00:00\",\"breadcrumb\":{\"@id\":\"https:\\\/\\\/dmd2.com\\\/fr\\\/2024\\\/06\\\/07\\\/music-talk-interview-avec-wintershome-lors-des-music-days-2024-a-steffisburg\\\/#breadcrumb\"},\"inLanguage\":\"fr-FR\",\"potentialAction\":[{\"@type\":\"ReadAction\",\"target\":[\"https:\\\/\\\/dmd2.com\\\/fr\\\/2024\\\/06\\\/07\\\/music-talk-interview-avec-wintershome-lors-des-music-days-2024-a-steffisburg\\\/\"]}]},{\"@type\":\"ImageObject\",\"inLanguage\":\"fr-FR\",\"@id\":\"https:\\\/\\\/dmd2.com\\\/fr\\\/2024\\\/06\\\/07\\\/music-talk-interview-avec-wintershome-lors-des-music-days-2024-a-steffisburg\\\/#primaryimage\",\"url\":\"https:\\\/\\\/dmd2.com\\\/wp-content\\\/uploads\\\/2024\\\/06\\\/YouTube-Thumbnail-1280x720-px-Custom-dimensions-5.jpeg\",\"contentUrl\":\"https:\\\/\\\/dmd2.com\\\/wp-content\\\/uploads\\\/2024\\\/06\\\/YouTube-Thumbnail-1280x720-px-Custom-dimensions-5.jpeg\",\"width\":2200,\"height\":1440},{\"@type\":\"BreadcrumbList\",\"@id\":\"https:\\\/\\\/dmd2.com\\\/fr\\\/2024\\\/06\\\/07\\\/music-talk-interview-avec-wintershome-lors-des-music-days-2024-a-steffisburg\\\/#breadcrumb\",\"itemListElement\":[{\"@type\":\"ListItem\",\"position\":1,\"name\":\"Startseite\",\"item\":\"https:\\\/\\\/dmd2.com\\\/fr\\\/start\\\/\"},{\"@type\":\"ListItem\",\"position\":2,\"name\":\"Music Talk Interview avec \u00ab Wintershome \u00bb lors des Music Days 2024 \u00e0 Steffisburg\"}]},{\"@type\":\"WebSite\",\"@id\":\"https:\\\/\\\/dmd2.com\\\/fr\\\/#website\",\"url\":\"https:\\\/\\\/dmd2.com\\\/fr\\\/\",\"name\":\"DMD2 - Technology & Emotion, Hintergrundmusik f\u00fcr Unternehmen\",\"description\":\"GEMA-freie und lizenzierte Musikl\u00f6sungen f\u00fcr Ihr Restaurant, Hotel, Studio, Shop, oder Filiale. Instore Audio, Playlists individuell erstellt. Jetzt gratis testen!\",\"publisher\":{\"@id\":\"https:\\\/\\\/dmd2.com\\\/fr\\\/#organization\"},\"potentialAction\":[{\"@type\":\"SearchAction\",\"target\":{\"@type\":\"EntryPoint\",\"urlTemplate\":\"https:\\\/\\\/dmd2.com\\\/fr\\\/?s={search_term_string}\"},\"query-input\":{\"@type\":\"PropertyValueSpecification\",\"valueRequired\":true,\"valueName\":\"search_term_string\"}}],\"inLanguage\":\"fr-FR\"},{\"@type\":\"Organization\",\"@id\":\"https:\\\/\\\/dmd2.com\\\/fr\\\/#organization\",\"name\":\"DMD2\",\"url\":\"https:\\\/\\\/dmd2.com\\\/fr\\\/\",\"logo\":{\"@type\":\"ImageObject\",\"inLanguage\":\"fr-FR\",\"@id\":\"https:\\\/\\\/dmd2.com\\\/fr\\\/#\\\/schema\\\/logo\\\/image\\\/\",\"url\":\"https:\\\/\\\/dmd2.com\\\/wp-content\\\/uploads\\\/2023\\\/05\\\/logo_technology-emotion.png\",\"contentUrl\":\"https:\\\/\\\/dmd2.com\\\/wp-content\\\/uploads\\\/2023\\\/05\\\/logo_technology-emotion.png\",\"width\":874,\"height\":248,\"caption\":\"DMD2\"},\"image\":{\"@id\":\"https:\\\/\\\/dmd2.com\\\/fr\\\/#\\\/schema\\\/logo\\\/image\\\/\"},\"sameAs\":[\"https:\\\/\\\/www.facebook.com\\\/DMD2AG\",\"https:\\\/\\\/x.com\\\/dmd2\",\"https:\\\/\\\/www.instagram.com\\\/dmd2__\",\"https:\\\/\\\/www.linkedin.com\\\/company\\\/digitalmediadistribution\\\/\"]},{\"@type\":\"Person\",\"@id\":\"https:\\\/\\\/dmd2.com\\\/fr\\\/#\\\/schema\\\/person\\\/96d5600002b6f15d25e4ac7d84a010a5\",\"name\":\"ilustres\",\"image\":{\"@type\":\"ImageObject\",\"inLanguage\":\"fr-FR\",\"@id\":\"https:\\\/\\\/secure.gravatar.com\\\/avatar\\\/b1a982b7c815d58dbae75ee77ec6a2038cdd0b9b614ce11ff788d9da4b986fd9?s=96&d=mm&r=g\",\"url\":\"https:\\\/\\\/secure.gravatar.com\\\/avatar\\\/b1a982b7c815d58dbae75ee77ec6a2038cdd0b9b614ce11ff788d9da4b986fd9?s=96&d=mm&r=g\",\"contentUrl\":\"https:\\\/\\\/secure.gravatar.com\\\/avatar\\\/b1a982b7c815d58dbae75ee77ec6a2038cdd0b9b614ce11ff788d9da4b986fd9?s=96&d=mm&r=g\",\"caption\":\"ilustres\"},\"url\":\"https:\\\/\\\/dmd2.com\\\/fr\\\/author\\\/ilustres\\\/\"}]}<\/script>\n<!-- \/ Yoast SEO plugin. -->","yoast_head_json":{"title":"Music Talk Interview avec \u00ab Wintershome \u00bb lors des Music Days 2024 \u00e0 Steffisburg - DMD2 \u2013 Hintergrundmusik f\u00fcr Unternehmen","robots":{"index":"index","follow":"follow","max-snippet":"max-snippet:-1","max-image-preview":"max-image-preview:large","max-video-preview":"max-video-preview:-1"},"canonical":"https:\/\/dmd2.com\/fr\/2024\/06\/07\/music-talk-interview-avec-wintershome-lors-des-music-days-2024-a-steffisburg\/","og_locale":"fr_FR","og_type":"article","og_title":"Music Talk Interview avec \u00ab Wintershome \u00bb lors des Music Days 2024 \u00e0 Steffisburg - DMD2 \u2013 Hintergrundmusik f\u00fcr Unternehmen","og_description":"Aujourd&rsquo;hui, nous avons eu le plaisir de nous entretenir avec le groupe \u00ab Wintershome \u00bb de Zermatt dans le cadre des Music Days \u00e0 Steffisburg. Le groupe, connu pour son m\u00e9lange unique de folk et de pop, s&rsquo;est fait une place de choix sur la sc\u00e8ne musicale suisse au cours des derni\u00e8res ann\u00e9es. Wintershome se [&hellip;]","og_url":"https:\/\/dmd2.com\/fr\/2024\/06\/07\/music-talk-interview-avec-wintershome-lors-des-music-days-2024-a-steffisburg\/","og_site_name":"DMD2 \u2013 Hintergrundmusik f\u00fcr Unternehmen","article_publisher":"https:\/\/www.facebook.com\/DMD2AG","article_published_time":"2024-06-07T20:06:16+00:00","og_image":[{"width":2200,"height":1440,"url":"https:\/\/dmd2.com\/wp-content\/uploads\/2024\/06\/YouTube-Thumbnail-1280x720-px-Custom-dimensions-5.jpeg","type":"image\/jpeg"}],"author":"ilustres","twitter_card":"summary_large_image","twitter_creator":"@dmd2","twitter_site":"@dmd2","twitter_misc":{"\u00c9crit par":"ilustres","Dur\u00e9e de lecture estim\u00e9e":"1 minute"},"schema":{"@context":"https:\/\/schema.org","@graph":[{"@type":"Article","@id":"https:\/\/dmd2.com\/fr\/2024\/06\/07\/music-talk-interview-avec-wintershome-lors-des-music-days-2024-a-steffisburg\/#article","isPartOf":{"@id":"https:\/\/dmd2.com\/fr\/2024\/06\/07\/music-talk-interview-avec-wintershome-lors-des-music-days-2024-a-steffisburg\/"},"author":{"name":"ilustres","@id":"https:\/\/dmd2.com\/fr\/#\/schema\/person\/96d5600002b6f15d25e4ac7d84a010a5"},"headline":"Music Talk Interview avec \u00ab Wintershome \u00bb lors des Music Days 2024 \u00e0 Steffisburg","datePublished":"2024-06-07T20:06:16+00:00","mainEntityOfPage":{"@id":"https:\/\/dmd2.com\/fr\/2024\/06\/07\/music-talk-interview-avec-wintershome-lors-des-music-days-2024-a-steffisburg\/"},"wordCount":215,"commentCount":0,"publisher":{"@id":"https:\/\/dmd2.com\/fr\/#organization"},"image":{"@id":"https:\/\/dmd2.com\/fr\/2024\/06\/07\/music-talk-interview-avec-wintershome-lors-des-music-days-2024-a-steffisburg\/#primaryimage"},"thumbnailUrl":"https:\/\/dmd2.com\/wp-content\/uploads\/2024\/06\/YouTube-Thumbnail-1280x720-px-Custom-dimensions-5.jpeg","keywords":["Front Blog","Music Talk"],"articleSection":["front","Music Talk"],"inLanguage":"fr-FR","potentialAction":[{"@type":"CommentAction","name":"Comment","target":["https:\/\/dmd2.com\/fr\/2024\/06\/07\/music-talk-interview-avec-wintershome-lors-des-music-days-2024-a-steffisburg\/#respond"]}]},{"@type":"WebPage","@id":"https:\/\/dmd2.com\/fr\/2024\/06\/07\/music-talk-interview-avec-wintershome-lors-des-music-days-2024-a-steffisburg\/","url":"https:\/\/dmd2.com\/fr\/2024\/06\/07\/music-talk-interview-avec-wintershome-lors-des-music-days-2024-a-steffisburg\/","name":"Music Talk Interview avec \u00ab Wintershome \u00bb lors des Music Days 2024 \u00e0 Steffisburg - DMD2 \u2013 Hintergrundmusik f\u00fcr Unternehmen","isPartOf":{"@id":"https:\/\/dmd2.com\/fr\/#website"},"primaryImageOfPage":{"@id":"https:\/\/dmd2.com\/fr\/2024\/06\/07\/music-talk-interview-avec-wintershome-lors-des-music-days-2024-a-steffisburg\/#primaryimage"},"image":{"@id":"https:\/\/dmd2.com\/fr\/2024\/06\/07\/music-talk-interview-avec-wintershome-lors-des-music-days-2024-a-steffisburg\/#primaryimage"},"thumbnailUrl":"https:\/\/dmd2.com\/wp-content\/uploads\/2024\/06\/YouTube-Thumbnail-1280x720-px-Custom-dimensions-5.jpeg","datePublished":"2024-06-07T20:06:16+00:00","breadcrumb":{"@id":"https:\/\/dmd2.com\/fr\/2024\/06\/07\/music-talk-interview-avec-wintershome-lors-des-music-days-2024-a-steffisburg\/#breadcrumb"},"inLanguage":"fr-FR","potentialAction":[{"@type":"ReadAction","target":["https:\/\/dmd2.com\/fr\/2024\/06\/07\/music-talk-interview-avec-wintershome-lors-des-music-days-2024-a-steffisburg\/"]}]},{"@type":"ImageObject","inLanguage":"fr-FR","@id":"https:\/\/dmd2.com\/fr\/2024\/06\/07\/music-talk-interview-avec-wintershome-lors-des-music-days-2024-a-steffisburg\/#primaryimage","url":"https:\/\/dmd2.com\/wp-content\/uploads\/2024\/06\/YouTube-Thumbnail-1280x720-px-Custom-dimensions-5.jpeg","contentUrl":"https:\/\/dmd2.com\/wp-content\/uploads\/2024\/06\/YouTube-Thumbnail-1280x720-px-Custom-dimensions-5.jpeg","width":2200,"height":1440},{"@type":"BreadcrumbList","@id":"https:\/\/dmd2.com\/fr\/2024\/06\/07\/music-talk-interview-avec-wintershome-lors-des-music-days-2024-a-steffisburg\/#breadcrumb","itemListElement":[{"@type":"ListItem","position":1,"name":"Startseite","item":"https:\/\/dmd2.com\/fr\/start\/"},{"@type":"ListItem","position":2,"name":"Music Talk Interview avec \u00ab Wintershome \u00bb lors des Music Days 2024 \u00e0 Steffisburg"}]},{"@type":"WebSite","@id":"https:\/\/dmd2.com\/fr\/#website","url":"https:\/\/dmd2.com\/fr\/","name":"DMD2 - Technology & Emotion, Hintergrundmusik f\u00fcr Unternehmen","description":"GEMA-freie und lizenzierte Musikl\u00f6sungen f\u00fcr Ihr Restaurant, Hotel, Studio, Shop, oder Filiale. Instore Audio, Playlists individuell erstellt. Jetzt gratis testen!","publisher":{"@id":"https:\/\/dmd2.com\/fr\/#organization"},"potentialAction":[{"@type":"SearchAction","target":{"@type":"EntryPoint","urlTemplate":"https:\/\/dmd2.com\/fr\/?s={search_term_string}"},"query-input":{"@type":"PropertyValueSpecification","valueRequired":true,"valueName":"search_term_string"}}],"inLanguage":"fr-FR"},{"@type":"Organization","@id":"https:\/\/dmd2.com\/fr\/#organization","name":"DMD2","url":"https:\/\/dmd2.com\/fr\/","logo":{"@type":"ImageObject","inLanguage":"fr-FR","@id":"https:\/\/dmd2.com\/fr\/#\/schema\/logo\/image\/","url":"https:\/\/dmd2.com\/wp-content\/uploads\/2023\/05\/logo_technology-emotion.png","contentUrl":"https:\/\/dmd2.com\/wp-content\/uploads\/2023\/05\/logo_technology-emotion.png","width":874,"height":248,"caption":"DMD2"},"image":{"@id":"https:\/\/dmd2.com\/fr\/#\/schema\/logo\/image\/"},"sameAs":["https:\/\/www.facebook.com\/DMD2AG","https:\/\/x.com\/dmd2","https:\/\/www.instagram.com\/dmd2__","https:\/\/www.linkedin.com\/company\/digitalmediadistribution\/"]},{"@type":"Person","@id":"https:\/\/dmd2.com\/fr\/#\/schema\/person\/96d5600002b6f15d25e4ac7d84a010a5","name":"ilustres","image":{"@type":"ImageObject","inLanguage":"fr-FR","@id":"https:\/\/secure.gravatar.com\/avatar\/b1a982b7c815d58dbae75ee77ec6a2038cdd0b9b614ce11ff788d9da4b986fd9?s=96&d=mm&r=g","url":"https:\/\/secure.gravatar.com\/avatar\/b1a982b7c815d58dbae75ee77ec6a2038cdd0b9b614ce11ff788d9da4b986fd9?s=96&d=mm&r=g","contentUrl":"https:\/\/secure.gravatar.com\/avatar\/b1a982b7c815d58dbae75ee77ec6a2038cdd0b9b614ce11ff788d9da4b986fd9?s=96&d=mm&r=g","caption":"ilustres"},"url":"https:\/\/dmd2.com\/fr\/author\/ilustres\/"}]}},"_links":{"self":[{"href":"https:\/\/dmd2.com\/fr\/wp-json\/wp\/v2\/posts\/15281","targetHints":{"allow":["GET"]}}],"collection":[{"href":"https:\/\/dmd2.com\/fr\/wp-json\/wp\/v2\/posts"}],"about":[{"href":"https:\/\/dmd2.com\/fr\/wp-json\/wp\/v2\/types\/post"}],"author":[{"embeddable":true,"href":"https:\/\/dmd2.com\/fr\/wp-json\/wp\/v2\/users\/5"}],"replies":[{"embeddable":true,"href":"https:\/\/dmd2.com\/fr\/wp-json\/wp\/v2\/comments?post=15281"}],"version-history":[{"count":0,"href":"https:\/\/dmd2.com\/fr\/wp-json\/wp\/v2\/posts\/15281\/revisions"}],"wp:featuredmedia":[{"embeddable":true,"href":"https:\/\/dmd2.com\/fr\/wp-json\/wp\/v2\/media\/15275"}],"wp:attachment":[{"href":"https:\/\/dmd2.com\/fr\/wp-json\/wp\/v2\/media?parent=15281"}],"wp:term":[{"taxonomy":"category","embeddable":true,"href":"https:\/\/dmd2.com\/fr\/wp-json\/wp\/v2\/categories?post=15281"},{"taxonomy":"post_tag","embeddable":true,"href":"https:\/\/dmd2.com\/fr\/wp-json\/wp\/v2\/tags?post=15281"}],"curies":[{"name":"wp","href":"https:\/\/api.w.org\/{rel}","templated":true}]}}