{"id":16774,"date":"2025-02-11T14:26:30","date_gmt":"2025-02-11T13:26:30","guid":{"rendered":"https:\/\/dmd2.com\/2025\/02\/11\/trevista-de-music-talk-con-buene-huber\/"},"modified":"2025-02-11T14:45:32","modified_gmt":"2025-02-11T13:45:32","slug":"trevista-de-music-talk-con-buene-huber","status":"publish","type":"post","link":"https:\/\/dmd2.com\/es\/2025\/02\/11\/trevista-de-music-talk-con-buene-huber\/","title":{"rendered":"Entrevista de Music Talk con B\u00fcne Huber"},"content":{"rendered":"<div>El nuevo \u00e1lbum de Patent Ochsner, \u00abTag und Nacht\u00bb, est\u00e1 lleno de canciones conmovedoras que van de la tristeza, la p\u00e9rdida y la melancol\u00eda a la alegr\u00eda y la exuberancia. El d\u00eda de su lanzamiento, B\u00fcne Huber estuvo como invitado en DMD2 y habl\u00f3 en Music Talk sobre la obra en la que ha volcado todas sus emociones. <\/div>\n<div><\/div>\n<div>Haga clic aqu\u00ed para <a href=\"https:\/\/www.youtube.com\/watch?v=QPnSwfzhvt0\">Music Talk<\/a><\/div>\n<div>&#8211;<br \/>\n<iframe title=\"2025 PATENT OCHSNER (&quot;Tag und Nacht&quot;) - Music Talk Interview mit B\u00fcne Huber\" width=\"800\" height=\"450\" src=\"https:\/\/www.youtube.com\/embed\/QPnSwfzhvt0?feature=oembed\" frameborder=\"0\" allow=\"accelerometer; autoplay; clipboard-write; encrypted-media; gyroscope; picture-in-picture; web-share\" referrerpolicy=\"strict-origin-when-cross-origin\" allowfullscreen><\/iframe><\/p>\n<\/div>\n","protected":false},"excerpt":{"rendered":"<p>El nuevo \u00e1lbum de Patent Ochsner, \u00abTag und Nacht\u00bb, est\u00e1 lleno de canciones conmovedoras que van de la tristeza, la p\u00e9rdida y la melancol\u00eda a la alegr\u00eda y la exuberancia. El d\u00eda de su lanzamiento, B\u00fcne Huber estuvo como invitado en DMD2 y habl\u00f3 en Music Talk sobre la obra en la que ha volcado [&hellip;]<\/p>\n","protected":false},"author":11,"featured_media":16768,"comment_status":"open","ping_status":"open","sticky":false,"template":"","format":"standard","meta":{"footnotes":""},"categories":[203,141],"tags":[204,137,205],"class_list":["post-16774","post","type-post","status-publish","format-standard","has-post-thumbnail","hentry","category-music-talk-es","category-music-talk-interviews-es","tag-buene-huber-es","tag-front-blog-es","tag-patent-ochsner-es"],"yoast_head":"<!-- This site is optimized with the Yoast SEO plugin v27.4 - https:\/\/yoast.com\/product\/yoast-seo-wordpress\/ -->\n<title>Entrevista de Music Talk con B\u00fcne Huber - DMD2 \u2013 Hintergrundmusik f\u00fcr Unternehmen<\/title>\n<meta name=\"description\" content=\"Music Talk con B\u00fcne Huber de Patent Ochsner el d\u00eda del lanzamiento de su \u00faltimo \u00e1lbum \u00abTag und Nacht\u00bb.\" \/>\n<meta name=\"robots\" content=\"index, follow, max-snippet:-1, max-image-preview:large, max-video-preview:-1\" \/>\n<link rel=\"canonical\" href=\"https:\/\/dmd2.com\/es\/2025\/02\/11\/trevista-de-music-talk-con-buene-huber\/\" \/>\n<meta property=\"og:locale\" content=\"es_ES\" \/>\n<meta property=\"og:type\" content=\"article\" \/>\n<meta property=\"og:title\" content=\"Entrevista de Music Talk con B\u00fcne Huber - DMD2 \u2013 Hintergrundmusik f\u00fcr Unternehmen\" \/>\n<meta property=\"og:description\" content=\"Music Talk con B\u00fcne Huber de Patent Ochsner el d\u00eda del lanzamiento de su \u00faltimo \u00e1lbum \u00abTag und Nacht\u00bb.\" \/>\n<meta property=\"og:url\" content=\"https:\/\/dmd2.com\/es\/2025\/02\/11\/trevista-de-music-talk-con-buene-huber\/\" \/>\n<meta property=\"og:site_name\" content=\"DMD2 \u2013 Hintergrundmusik f\u00fcr Unternehmen\" \/>\n<meta property=\"article:publisher\" content=\"https:\/\/www.facebook.com\/DMD2AG\" \/>\n<meta property=\"article:published_time\" content=\"2025-02-11T13:26:30+00:00\" \/>\n<meta property=\"article:modified_time\" content=\"2025-02-11T13:45:32+00:00\" \/>\n<meta property=\"og:image\" content=\"https:\/\/dmd2.com\/wp-content\/uploads\/2025\/02\/Bildschirmfoto-2025-02-11-um-14.18.20-1024x526.png\" \/>\n\t<meta property=\"og:image:width\" content=\"1024\" \/>\n\t<meta property=\"og:image:height\" content=\"526\" \/>\n\t<meta property=\"og:image:type\" content=\"image\/png\" \/>\n<meta name=\"author\" content=\"Daniel Schneider\" \/>\n<meta name=\"twitter:card\" content=\"summary_large_image\" \/>\n<meta name=\"twitter:creator\" content=\"@dmd2\" \/>\n<meta name=\"twitter:site\" content=\"@dmd2\" \/>\n<meta name=\"twitter:label1\" content=\"Escrito por\" \/>\n\t<meta name=\"twitter:data1\" content=\"Daniel Schneider\" \/>\n<script type=\"application\/ld+json\" class=\"yoast-schema-graph\">{\"@context\":\"https:\\\/\\\/schema.org\",\"@graph\":[{\"@type\":\"Article\",\"@id\":\"https:\\\/\\\/dmd2.com\\\/es\\\/2025\\\/02\\\/11\\\/trevista-de-music-talk-con-buene-huber\\\/#article\",\"isPartOf\":{\"@id\":\"https:\\\/\\\/dmd2.com\\\/es\\\/2025\\\/02\\\/11\\\/trevista-de-music-talk-con-buene-huber\\\/\"},\"author\":{\"name\":\"Daniel Schneider\",\"@id\":\"https:\\\/\\\/dmd2.com\\\/es\\\/#\\\/schema\\\/person\\\/2c3ac594101bd0b2f09279f0c7cdae03\"},\"headline\":\"Entrevista de Music Talk con B\u00fcne Huber\",\"datePublished\":\"2025-02-11T13:26:30+00:00\",\"dateModified\":\"2025-02-11T13:45:32+00:00\",\"mainEntityOfPage\":{\"@id\":\"https:\\\/\\\/dmd2.com\\\/es\\\/2025\\\/02\\\/11\\\/trevista-de-music-talk-con-buene-huber\\\/\"},\"wordCount\":87,\"commentCount\":0,\"image\":{\"@id\":\"https:\\\/\\\/dmd2.com\\\/es\\\/2025\\\/02\\\/11\\\/trevista-de-music-talk-con-buene-huber\\\/#primaryimage\"},\"thumbnailUrl\":\"https:\\\/\\\/dmd2.com\\\/wp-content\\\/uploads\\\/2025\\\/02\\\/Bildschirmfoto-2025-02-11-um-14.18.20.png\",\"keywords\":[\"B\u00fcne Huber\",\"Front Blog\",\"Patent Ochsner\"],\"articleSection\":[\"Music Talk\",\"Music Talk Interviews\"],\"inLanguage\":\"es\",\"potentialAction\":[{\"@type\":\"CommentAction\",\"name\":\"Comment\",\"target\":[\"https:\\\/\\\/dmd2.com\\\/es\\\/2025\\\/02\\\/11\\\/trevista-de-music-talk-con-buene-huber\\\/#respond\"]}]},{\"@type\":\"WebPage\",\"@id\":\"https:\\\/\\\/dmd2.com\\\/es\\\/2025\\\/02\\\/11\\\/trevista-de-music-talk-con-buene-huber\\\/\",\"url\":\"https:\\\/\\\/dmd2.com\\\/es\\\/2025\\\/02\\\/11\\\/trevista-de-music-talk-con-buene-huber\\\/\",\"name\":\"Entrevista de Music Talk con B\u00fcne Huber - DMD2 \u2013 Hintergrundmusik f\u00fcr Unternehmen\",\"isPartOf\":{\"@id\":\"https:\\\/\\\/dmd2.com\\\/es\\\/#website\"},\"primaryImageOfPage\":{\"@id\":\"https:\\\/\\\/dmd2.com\\\/es\\\/2025\\\/02\\\/11\\\/trevista-de-music-talk-con-buene-huber\\\/#primaryimage\"},\"image\":{\"@id\":\"https:\\\/\\\/dmd2.com\\\/es\\\/2025\\\/02\\\/11\\\/trevista-de-music-talk-con-buene-huber\\\/#primaryimage\"},\"thumbnailUrl\":\"https:\\\/\\\/dmd2.com\\\/wp-content\\\/uploads\\\/2025\\\/02\\\/Bildschirmfoto-2025-02-11-um-14.18.20.png\",\"datePublished\":\"2025-02-11T13:26:30+00:00\",\"dateModified\":\"2025-02-11T13:45:32+00:00\",\"author\":{\"@id\":\"https:\\\/\\\/dmd2.com\\\/es\\\/#\\\/schema\\\/person\\\/2c3ac594101bd0b2f09279f0c7cdae03\"},\"description\":\"Music Talk con B\u00fcne Huber de Patent Ochsner el d\u00eda del lanzamiento de su \u00faltimo \u00e1lbum \u00abTag und Nacht\u00bb.\",\"breadcrumb\":{\"@id\":\"https:\\\/\\\/dmd2.com\\\/es\\\/2025\\\/02\\\/11\\\/trevista-de-music-talk-con-buene-huber\\\/#breadcrumb\"},\"inLanguage\":\"es\",\"potentialAction\":[{\"@type\":\"ReadAction\",\"target\":[\"https:\\\/\\\/dmd2.com\\\/es\\\/2025\\\/02\\\/11\\\/trevista-de-music-talk-con-buene-huber\\\/\"]}]},{\"@type\":\"ImageObject\",\"inLanguage\":\"es\",\"@id\":\"https:\\\/\\\/dmd2.com\\\/es\\\/2025\\\/02\\\/11\\\/trevista-de-music-talk-con-buene-huber\\\/#primaryimage\",\"url\":\"https:\\\/\\\/dmd2.com\\\/wp-content\\\/uploads\\\/2025\\\/02\\\/Bildschirmfoto-2025-02-11-um-14.18.20.png\",\"contentUrl\":\"https:\\\/\\\/dmd2.com\\\/wp-content\\\/uploads\\\/2025\\\/02\\\/Bildschirmfoto-2025-02-11-um-14.18.20.png\",\"width\":2444,\"height\":1256,\"caption\":\"B\u00fcne Huber im DMD2 Music Talk\"},{\"@type\":\"BreadcrumbList\",\"@id\":\"https:\\\/\\\/dmd2.com\\\/es\\\/2025\\\/02\\\/11\\\/trevista-de-music-talk-con-buene-huber\\\/#breadcrumb\",\"itemListElement\":[{\"@type\":\"ListItem\",\"position\":1,\"name\":\"Startseite\",\"item\":\"https:\\\/\\\/dmd2.com\\\/es\\\/start\\\/\"},{\"@type\":\"ListItem\",\"position\":2,\"name\":\"Entrevista de Music Talk con B\u00fcne Huber\"}]},{\"@type\":\"WebSite\",\"@id\":\"https:\\\/\\\/dmd2.com\\\/es\\\/#website\",\"url\":\"https:\\\/\\\/dmd2.com\\\/es\\\/\",\"name\":\"DMD2 - Technology & Emotion, Hintergrundmusik f\u00fcr Unternehmen\",\"description\":\"GEMA-freie und lizenzierte Musikl\u00f6sungen f\u00fcr Ihr Restaurant, Hotel, Studio, Shop, oder Filiale. Instore Audio, Playlists individuell erstellt. Jetzt gratis testen!\",\"potentialAction\":[{\"@type\":\"SearchAction\",\"target\":{\"@type\":\"EntryPoint\",\"urlTemplate\":\"https:\\\/\\\/dmd2.com\\\/es\\\/?s={search_term_string}\"},\"query-input\":{\"@type\":\"PropertyValueSpecification\",\"valueRequired\":true,\"valueName\":\"search_term_string\"}}],\"inLanguage\":\"es\"},{\"@type\":\"Person\",\"@id\":\"https:\\\/\\\/dmd2.com\\\/es\\\/#\\\/schema\\\/person\\\/2c3ac594101bd0b2f09279f0c7cdae03\",\"name\":\"Daniel Schneider\",\"image\":{\"@type\":\"ImageObject\",\"inLanguage\":\"es\",\"@id\":\"https:\\\/\\\/secure.gravatar.com\\\/avatar\\\/936e00c7a7687ac9407785d4c5b27e1e05102638370cc044d7d1584882c09245?s=96&d=mm&r=g\",\"url\":\"https:\\\/\\\/secure.gravatar.com\\\/avatar\\\/936e00c7a7687ac9407785d4c5b27e1e05102638370cc044d7d1584882c09245?s=96&d=mm&r=g\",\"contentUrl\":\"https:\\\/\\\/secure.gravatar.com\\\/avatar\\\/936e00c7a7687ac9407785d4c5b27e1e05102638370cc044d7d1584882c09245?s=96&d=mm&r=g\",\"caption\":\"Daniel Schneider\"},\"url\":\"https:\\\/\\\/dmd2.com\\\/es\\\/author\\\/daniel-schneider\\\/\"}]}<\/script>\n<!-- \/ Yoast SEO plugin. -->","yoast_head_json":{"title":"Entrevista de Music Talk con B\u00fcne Huber - DMD2 \u2013 Hintergrundmusik f\u00fcr Unternehmen","description":"Music Talk con B\u00fcne Huber de Patent Ochsner el d\u00eda del lanzamiento de su \u00faltimo \u00e1lbum \u00abTag und Nacht\u00bb.","robots":{"index":"index","follow":"follow","max-snippet":"max-snippet:-1","max-image-preview":"max-image-preview:large","max-video-preview":"max-video-preview:-1"},"canonical":"https:\/\/dmd2.com\/es\/2025\/02\/11\/trevista-de-music-talk-con-buene-huber\/","og_locale":"es_ES","og_type":"article","og_title":"Entrevista de Music Talk con B\u00fcne Huber - DMD2 \u2013 Hintergrundmusik f\u00fcr Unternehmen","og_description":"Music Talk con B\u00fcne Huber de Patent Ochsner el d\u00eda del lanzamiento de su \u00faltimo \u00e1lbum \u00abTag und Nacht\u00bb.","og_url":"https:\/\/dmd2.com\/es\/2025\/02\/11\/trevista-de-music-talk-con-buene-huber\/","og_site_name":"DMD2 \u2013 Hintergrundmusik f\u00fcr Unternehmen","article_publisher":"https:\/\/www.facebook.com\/DMD2AG","article_published_time":"2025-02-11T13:26:30+00:00","article_modified_time":"2025-02-11T13:45:32+00:00","og_image":[{"width":1024,"height":526,"url":"https:\/\/dmd2.com\/wp-content\/uploads\/2025\/02\/Bildschirmfoto-2025-02-11-um-14.18.20-1024x526.png","type":"image\/png"}],"author":"Daniel Schneider","twitter_card":"summary_large_image","twitter_creator":"@dmd2","twitter_site":"@dmd2","twitter_misc":{"Escrito por":"Daniel Schneider"},"schema":{"@context":"https:\/\/schema.org","@graph":[{"@type":"Article","@id":"https:\/\/dmd2.com\/es\/2025\/02\/11\/trevista-de-music-talk-con-buene-huber\/#article","isPartOf":{"@id":"https:\/\/dmd2.com\/es\/2025\/02\/11\/trevista-de-music-talk-con-buene-huber\/"},"author":{"name":"Daniel Schneider","@id":"https:\/\/dmd2.com\/es\/#\/schema\/person\/2c3ac594101bd0b2f09279f0c7cdae03"},"headline":"Entrevista de Music Talk con B\u00fcne Huber","datePublished":"2025-02-11T13:26:30+00:00","dateModified":"2025-02-11T13:45:32+00:00","mainEntityOfPage":{"@id":"https:\/\/dmd2.com\/es\/2025\/02\/11\/trevista-de-music-talk-con-buene-huber\/"},"wordCount":87,"commentCount":0,"image":{"@id":"https:\/\/dmd2.com\/es\/2025\/02\/11\/trevista-de-music-talk-con-buene-huber\/#primaryimage"},"thumbnailUrl":"https:\/\/dmd2.com\/wp-content\/uploads\/2025\/02\/Bildschirmfoto-2025-02-11-um-14.18.20.png","keywords":["B\u00fcne Huber","Front Blog","Patent Ochsner"],"articleSection":["Music Talk","Music Talk Interviews"],"inLanguage":"es","potentialAction":[{"@type":"CommentAction","name":"Comment","target":["https:\/\/dmd2.com\/es\/2025\/02\/11\/trevista-de-music-talk-con-buene-huber\/#respond"]}]},{"@type":"WebPage","@id":"https:\/\/dmd2.com\/es\/2025\/02\/11\/trevista-de-music-talk-con-buene-huber\/","url":"https:\/\/dmd2.com\/es\/2025\/02\/11\/trevista-de-music-talk-con-buene-huber\/","name":"Entrevista de Music Talk con B\u00fcne Huber - DMD2 \u2013 Hintergrundmusik f\u00fcr Unternehmen","isPartOf":{"@id":"https:\/\/dmd2.com\/es\/#website"},"primaryImageOfPage":{"@id":"https:\/\/dmd2.com\/es\/2025\/02\/11\/trevista-de-music-talk-con-buene-huber\/#primaryimage"},"image":{"@id":"https:\/\/dmd2.com\/es\/2025\/02\/11\/trevista-de-music-talk-con-buene-huber\/#primaryimage"},"thumbnailUrl":"https:\/\/dmd2.com\/wp-content\/uploads\/2025\/02\/Bildschirmfoto-2025-02-11-um-14.18.20.png","datePublished":"2025-02-11T13:26:30+00:00","dateModified":"2025-02-11T13:45:32+00:00","author":{"@id":"https:\/\/dmd2.com\/es\/#\/schema\/person\/2c3ac594101bd0b2f09279f0c7cdae03"},"description":"Music Talk con B\u00fcne Huber de Patent Ochsner el d\u00eda del lanzamiento de su \u00faltimo \u00e1lbum \u00abTag und Nacht\u00bb.","breadcrumb":{"@id":"https:\/\/dmd2.com\/es\/2025\/02\/11\/trevista-de-music-talk-con-buene-huber\/#breadcrumb"},"inLanguage":"es","potentialAction":[{"@type":"ReadAction","target":["https:\/\/dmd2.com\/es\/2025\/02\/11\/trevista-de-music-talk-con-buene-huber\/"]}]},{"@type":"ImageObject","inLanguage":"es","@id":"https:\/\/dmd2.com\/es\/2025\/02\/11\/trevista-de-music-talk-con-buene-huber\/#primaryimage","url":"https:\/\/dmd2.com\/wp-content\/uploads\/2025\/02\/Bildschirmfoto-2025-02-11-um-14.18.20.png","contentUrl":"https:\/\/dmd2.com\/wp-content\/uploads\/2025\/02\/Bildschirmfoto-2025-02-11-um-14.18.20.png","width":2444,"height":1256,"caption":"B\u00fcne Huber im DMD2 Music Talk"},{"@type":"BreadcrumbList","@id":"https:\/\/dmd2.com\/es\/2025\/02\/11\/trevista-de-music-talk-con-buene-huber\/#breadcrumb","itemListElement":[{"@type":"ListItem","position":1,"name":"Startseite","item":"https:\/\/dmd2.com\/es\/start\/"},{"@type":"ListItem","position":2,"name":"Entrevista de Music Talk con B\u00fcne Huber"}]},{"@type":"WebSite","@id":"https:\/\/dmd2.com\/es\/#website","url":"https:\/\/dmd2.com\/es\/","name":"DMD2 - Technology & Emotion, Hintergrundmusik f\u00fcr Unternehmen","description":"GEMA-freie und lizenzierte Musikl\u00f6sungen f\u00fcr Ihr Restaurant, Hotel, Studio, Shop, oder Filiale. Instore Audio, Playlists individuell erstellt. Jetzt gratis testen!","potentialAction":[{"@type":"SearchAction","target":{"@type":"EntryPoint","urlTemplate":"https:\/\/dmd2.com\/es\/?s={search_term_string}"},"query-input":{"@type":"PropertyValueSpecification","valueRequired":true,"valueName":"search_term_string"}}],"inLanguage":"es"},{"@type":"Person","@id":"https:\/\/dmd2.com\/es\/#\/schema\/person\/2c3ac594101bd0b2f09279f0c7cdae03","name":"Daniel Schneider","image":{"@type":"ImageObject","inLanguage":"es","@id":"https:\/\/secure.gravatar.com\/avatar\/936e00c7a7687ac9407785d4c5b27e1e05102638370cc044d7d1584882c09245?s=96&d=mm&r=g","url":"https:\/\/secure.gravatar.com\/avatar\/936e00c7a7687ac9407785d4c5b27e1e05102638370cc044d7d1584882c09245?s=96&d=mm&r=g","contentUrl":"https:\/\/secure.gravatar.com\/avatar\/936e00c7a7687ac9407785d4c5b27e1e05102638370cc044d7d1584882c09245?s=96&d=mm&r=g","caption":"Daniel Schneider"},"url":"https:\/\/dmd2.com\/es\/author\/daniel-schneider\/"}]}},"_links":{"self":[{"href":"https:\/\/dmd2.com\/es\/wp-json\/wp\/v2\/posts\/16774","targetHints":{"allow":["GET"]}}],"collection":[{"href":"https:\/\/dmd2.com\/es\/wp-json\/wp\/v2\/posts"}],"about":[{"href":"https:\/\/dmd2.com\/es\/wp-json\/wp\/v2\/types\/post"}],"author":[{"embeddable":true,"href":"https:\/\/dmd2.com\/es\/wp-json\/wp\/v2\/users\/11"}],"replies":[{"embeddable":true,"href":"https:\/\/dmd2.com\/es\/wp-json\/wp\/v2\/comments?post=16774"}],"version-history":[{"count":1,"href":"https:\/\/dmd2.com\/es\/wp-json\/wp\/v2\/posts\/16774\/revisions"}],"predecessor-version":[{"id":16776,"href":"https:\/\/dmd2.com\/es\/wp-json\/wp\/v2\/posts\/16774\/revisions\/16776"}],"wp:featuredmedia":[{"embeddable":true,"href":"https:\/\/dmd2.com\/es\/wp-json\/wp\/v2\/media\/16768"}],"wp:attachment":[{"href":"https:\/\/dmd2.com\/es\/wp-json\/wp\/v2\/media?parent=16774"}],"wp:term":[{"taxonomy":"category","embeddable":true,"href":"https:\/\/dmd2.com\/es\/wp-json\/wp\/v2\/categories?post=16774"},{"taxonomy":"post_tag","embeddable":true,"href":"https:\/\/dmd2.com\/es\/wp-json\/wp\/v2\/tags?post=16774"}],"curies":[{"name":"wp","href":"https:\/\/api.w.org\/{rel}","templated":true}]}}